{"id":507,"date":"2019-11-12T10:16:49","date_gmt":"2019-11-12T09:16:49","guid":{"rendered":"http:\/\/elytres.net\/?p=507"},"modified":"2019-11-12T10:16:49","modified_gmt":"2019-11-12T09:16:49","slug":"curar-re","status":"publish","type":"post","link":"https:\/\/elytres.net\/?p=507","title":{"rendered":"Curar (re)"},"content":{"rendered":"\n<p><iframe style=\"border: 0; width: 350px; height: 470px;\" src=\"https:\/\/bandcamp.com\/EmbeddedPlayer\/album=2173587613\/size=large\/bgcol=ffffff\/linkcol=0687f5\/tracklist=false\/transparent=true\/\" seamless=\"\"><a href=\"http:\/\/tytoalba.bandcamp.com\/album\/curar\">Curar by Fran\u00e7ois Dumeaux<\/a><\/iframe><\/p>\n<p>album &#8211; Fran\u00e7ois Dumeaux \u00ab\u00a0Curar\u00a0\u00bb &#8211; label : <a href=\"https:\/\/tytoalba.bandcamp.com\" target=\"_blank\" rel=\"noopener noreferrer\">Tyto Alba<\/a><\/p>\n\n\n\n<p>Ressortie de ma pi\u00e8ce \u00ab\u00a0Curar\u00a0\u00bb sur Tyto Alba ce jour.<br><br>Curar est une \u0153uvre \u00e0 mi-chemin entre musique et son\u00a0; entre art sonore et installation. <br>C\u2019est un processus, un drone lentement \u00e9volutif &#8211; toujours le m\u00eame et toujours diff\u00e9rent. <br>Je voulais faire quelque chose qui tendrait vers la m\u00e9decine sonore, voire la sorcellerie musicale. <br>Le dispositif technique est ici \u00e0 l\u2019image de la musique, r\u00e9duit \u00e0 sa  plus simple expression\u00a0: deux synth\u00e9tiseurs analogiques r\u00e9gl\u00e9s pour  improviser selon des r\u00e8gles simples. <br> <br>En ancien occitan, \u00ab\u00a0curar\u00a0\u00bb signifie soucier, soigner, curer, r\u00e9curer, nettoyer et gu\u00e9rir. <br>En occitan moderne, \u00ab\u00a0curar\u00a0\u00bb signifie soigner et curer. <br>En catalan, \u00ab\u00a0curar\u00a0\u00bb signifie avoir soin de, se soucier de, s&rsquo;occuper, veiller \u00e0, gu\u00e9rir et soigner. <br>En castillan comme en portugais,  \u00ab\u00a0curar\u00a0\u00bb signifie assainir, gu\u00e9rir et soigner. <br> <\/p>\n","protected":false},"excerpt":{"rendered":"<p>Curar by Fran\u00e7ois Dumeaux album &#8211; Fran\u00e7ois Dumeaux \u00ab\u00a0Curar\u00a0\u00bb &#8211; label : Tyto Alba Ressortie de ma pi\u00e8ce \u00ab\u00a0Curar\u00a0\u00bb sur Tyto Alba ce jour. Curar est une \u0153uvre \u00e0 mi-chemin entre musique et son\u00a0; entre art sonore et installation. C\u2019est un processus, un drone lentement \u00e9volutif &#8211; toujours le m\u00eame et toujours diff\u00e9rent. Je voulais [&hellip;]<\/p>\n","protected":false},"author":1,"featured_media":0,"comment_status":"closed","ping_status":"open","sticky":false,"template":"","format":"standard","meta":{"footnotes":""},"categories":[1],"tags":[],"class_list":["post-507","post","type-post","status-publish","format-standard","hentry","category-uncategorized"],"_links":{"self":[{"href":"https:\/\/elytres.net\/index.php?rest_route=\/wp\/v2\/posts\/507","targetHints":{"allow":["GET"]}}],"collection":[{"href":"https:\/\/elytres.net\/index.php?rest_route=\/wp\/v2\/posts"}],"about":[{"href":"https:\/\/elytres.net\/index.php?rest_route=\/wp\/v2\/types\/post"}],"author":[{"embeddable":true,"href":"https:\/\/elytres.net\/index.php?rest_route=\/wp\/v2\/users\/1"}],"replies":[{"embeddable":true,"href":"https:\/\/elytres.net\/index.php?rest_route=%2Fwp%2Fv2%2Fcomments&post=507"}],"version-history":[{"count":1,"href":"https:\/\/elytres.net\/index.php?rest_route=\/wp\/v2\/posts\/507\/revisions"}],"predecessor-version":[{"id":508,"href":"https:\/\/elytres.net\/index.php?rest_route=\/wp\/v2\/posts\/507\/revisions\/508"}],"wp:attachment":[{"href":"https:\/\/elytres.net\/index.php?rest_route=%2Fwp%2Fv2%2Fmedia&parent=507"}],"wp:term":[{"taxonomy":"category","embeddable":true,"href":"https:\/\/elytres.net\/index.php?rest_route=%2Fwp%2Fv2%2Fcategories&post=507"},{"taxonomy":"post_tag","embeddable":true,"href":"https:\/\/elytres.net\/index.php?rest_route=%2Fwp%2Fv2%2Ftags&post=507"}],"curies":[{"name":"wp","href":"https:\/\/api.w.org\/{rel}","templated":true}]}}